{"id":2858,"date":"2025-06-20T10:20:21","date_gmt":"2025-06-20T10:20:21","guid":{"rendered":"https:\/\/www.czystyregion.com.pl\/?p=2858"},"modified":"2025-06-21T07:23:14","modified_gmt":"2025-06-21T07:23:14","slug":"pojemniki-na-zuzyta-zniszczona-odziez-i-tekstylia","status":"publish","type":"post","link":"https:\/\/www.czysty-region.pl\/index.php\/2025\/06\/20\/pojemniki-na-zuzyta-zniszczona-odziez-i-tekstylia\/","title":{"rendered":"Pojemniki na zu\u017cyt\u0105, zniszczon\u0105 odzie\u017c i tekstylia"},"content":{"rendered":"\n<p>W odpowiedzi na potrzeby mieszka\u0144c\u00f3w oraz w celu poprawy jako\u015bci selektywnej zbi\u00f3rki odpad\u00f3w komunalnych, na terenie wybranych miejscowo\u015bci w gminach nale\u017c\u0105cych do Zwi\u0105zku Mi\u0119dzygminnego \u201eCzysty Region\u201d<strong> podstawione zostan\u0105 dodatkowe pojemniki na zu\u017cyt\u0105, zniszczon\u0105 odzie\u017c i tekstylia<\/strong>.&nbsp;<\/p>\n\n\n\n<p><strong>Celem tej inicjatywy jest umo\u017cliwienie mieszka\u0144com \u0142atwiejszego pozbycia si\u0119 zniszczonych i nienadaj\u0105cych si\u0119 do ponownego u\u017cycia ubra\u0144 i tekstyli\u00f3w.<\/strong><\/p>\n\n\n\n<p><strong>Aktualnie ustalone lokalizacje pojemnik\u00f3w:<\/strong><\/p>\n\n\n\n<figure class=\"wp-block-table\"><table class=\"has-fixed-layout\"><tbody><tr><td><strong>Lp.<\/strong>&nbsp;<\/td><td><strong>Gmina<\/strong>&nbsp;<\/td><td><strong>Miejscowo\u015b\u0107 \/<\/strong>&nbsp;<strong>Osiedle&nbsp;<\/strong>&nbsp;<\/td><td><strong>Lokalizacja<\/strong>&nbsp;<\/td><td><strong>Termin podstawienia pojemnik\u00f3w<\/strong>&nbsp;<\/td><\/tr><tr><td rowspan=\"10\">1&nbsp;<\/td><td rowspan=\"10\">K\u0119dzierzyn-Ko\u017ale&nbsp;<\/td><td>Ko\u017ale&nbsp;<\/td><td>ul. Stolarska 3ul. Skarbowa 1a<\/td><td rowspan=\"10\">na okres 5 dni roboczych zawsze od ostatniego poniedzia\u0142ku miesi\u0105ca&nbsp;<\/td><\/tr><tr><td>os. Pogorzelec&nbsp;<\/td><td>ul. Partyzant\u00f3w (g\u0142\u00f3wne wej\u015bcie do lasu)ul. Ligonia 5a<\/td><\/tr><tr><td>os. \u015ar\u00f3dmie\u015bcie&nbsp;<\/td><td>ul. Jana Paw\u0142a II 31 (obok p\u0142ywalni)ul. Plebiscytowa 5<\/td><\/tr><tr><td>os. Piast\u00f3w&nbsp;<\/td><td>ul. Mieszka I (naprzeciwko PSP 19)ul. Korfantego 3-5<\/td><\/tr><tr><td>os. Blachownia&nbsp;<\/td><td>ul. Tuwima 14-16<\/td><\/tr><tr><td>os. Azoty&nbsp;<\/td><td>ul. Grabskiego 13<\/td><\/tr><tr><td>os. Rogi&nbsp;<\/td><td>teren zielony przy skrzy\u017cowaniu ul. K.K. Baczy\u0144skiego z ul. Rajsk\u0105<\/td><\/tr><tr><td>os. K\u0142odnica&nbsp;<\/td><td>ul. Sportowa (przy stadionie)<\/td><\/tr><tr><td>os. Cisowa&nbsp;<\/td><td>skrzy\u017cowanie ul. J. Brzechwy z ul. A. Fredry (naprzeciwko sklepu)<\/td><\/tr><tr><td>os. S\u0142awi\u0119cice&nbsp;<\/td><td>skrzy\u017cowanie ul. S\u0142awi\u0119cickiej z ul. A. Asnyka<\/td><\/tr><tr><td rowspan=\"4\">2&nbsp;<br>&nbsp;&nbsp;<\/td><td rowspan=\"4\">Zdzieszowice&nbsp;<\/td><td>Zdzieszowice&nbsp;<\/td><td>ul. Piast\u00f3w 24ul. Akacjowa 2ul. Korfantego 26ul. Sienkiewicza (parking przy ko\u015bciele)<\/td><td>na okres 5 dni roboczych zawsze od ostatniego poniedzia\u0142ku miesi\u0105ca<\/td><\/tr><tr><td>\u017byrowa&nbsp;&nbsp;<\/td><td>ul. Wojska Polskiego 14 przy OSP&nbsp;<\/td><td rowspan=\"3\">12.05.2025 do 16.05.202511.08.2025 do 15.08.202510.11.2025 do 14.11.2025<\/td><\/tr><tr><td>Rozwadza&nbsp;&nbsp;<\/td><td>ul. Szkolna&nbsp;<\/td><\/tr><tr><td>Januszkowice&nbsp;<\/td><td>ul. Wypoczynkowa 2 przy OSP&nbsp;<\/td><\/tr><tr><td rowspan=\"2\">3&nbsp;<\/td><td rowspan=\"2\">Zawadzkie&nbsp;<\/td><td>Zawadzkie<\/td><td>ul. Handlowa (parking obok targowiska)<\/td><td>na okres 5 dni roboczych zawsze od ostatniego poniedzia\u0142ku miesi\u0105ca<\/td><\/tr><tr><td>\u017b\u0119dowice<\/td><td>ul. Ksi\u0119dza Wajdy 2 (parking naprzeciwko restauracji)<\/td><td>19.05.2025 r. \u2013 23.05.2025 r.18.08.2025 r.&nbsp; \u2013 22.08.2025 r.17.11.2025 r. -21.11.2025 r.<\/td><\/tr><tr><td rowspan=\"4\"><br>&nbsp;4&nbsp;<br>&nbsp;&nbsp;<\/td><td rowspan=\"4\">Tarn\u00f3w Opolski&nbsp;<\/td><td>Tarn\u00f3w Opolski&nbsp;<\/td><td>ul. 1 Maja 29<\/td><td>na okres 5 dni roboczych zawsze od ostatniego poniedzia\u0142ku miesi\u0105ca<\/td><\/tr><tr><td>Przywory&nbsp;&nbsp;<\/td><td>ul. Wiejska 83 przy budynku Domu Kultury&nbsp;<\/td><td rowspan=\"3\">12.05.2025 do 16.05.202511.08.2025 do 15.08.202510.11.2025 do 14.11.2025<\/td><\/tr><tr><td>Kosorowice&nbsp;&nbsp;<\/td><td>ul. Opolska 9a przy OSP od strony parku<\/td><\/tr><tr><td>Nak\u0142o&nbsp;<\/td><td>ul. Strzelecka 39 przy sklepie OdiDo<\/td><\/tr><tr><td rowspan=\"3\">5&nbsp;<\/td><td rowspan=\"3\">Polska Cerekiew&nbsp;<\/td><td>Polska Cerekiew&nbsp;<\/td><td>ul. Raciborska 4 (Parking przy Urz\u0119dzie Gminy)<\/td><td rowspan=\"3\">05.05.2025 do 09.05.202504.08.2025 do 08.08.202503.11.2025 do 07.11.2025<\/td><\/tr><tr><td>Zakrz\u00f3w&nbsp;<\/td><td>ul. Chopina parking przy Orliku&nbsp;<\/td><\/tr><tr><td>Grz\u0119dzin&nbsp;<\/td><td>ul. Ko\u015bcielna parking przy Ko\u015bciele&nbsp;<\/td><\/tr><tr><td rowspan=\"4\">6&nbsp;<\/td><td rowspan=\"4\">Re\u0144ska Wie\u015b&nbsp;<\/td><td>Re\u0144ska Wie\u015b&nbsp;<\/td><td>ul. Stroma (za parkingiem)&nbsp;<\/td><td rowspan=\"4\">&nbsp;05.05.2025 do 09.05.202504.08.2025 do 08.08.202503.11.2025 do 07.11.2025&nbsp;<\/td><\/tr><tr><td>Wi\u0119kszyce&nbsp;<\/td><td>ul. Raciborska 9 przy parkingu OSP Wi\u0119kszyce&nbsp;<\/td><\/tr><tr><td>\u0141\u0119\u017cce&nbsp;<\/td><td>ul. Maj\u0105tkowa 19 przy budynku OSP \u0141\u0119\u017cce&nbsp;<\/td><\/tr><tr><td>Mechnica&nbsp;<\/td><td>ul. M\u0142y\u0144ska parking przy budynku OSP Mechnica&nbsp;<\/td><\/tr><tr><td rowspan=\"3\">7&nbsp;<\/td><td rowspan=\"3\">Cisek&nbsp;<\/td><td>Cisek&nbsp;&nbsp;<\/td><td>ul. Planetorza 57 (parking przy budynku Poczty<\/td><td rowspan=\"3\">05.05.2025 do 09.05.202504.08.2025 do 08.08.202503.11.2025 do 07.11.2025&nbsp;<\/td><\/tr><tr><td>Roszowicki Las&nbsp;&nbsp;<\/td><td>ul. Kochanowskiego 63 (parking przy \u015bwietlicy wiejskiej)&nbsp;<\/td><\/tr><tr><td>\u0141any&nbsp;&nbsp;<\/td><td>ul. G\u0142\u00f3wna 96b (parking przy budynku wielofunkcyjnym<\/td><\/tr><tr><td rowspan=\"4\">8&nbsp;<\/td><td rowspan=\"4\">Paw\u0142owiczki&nbsp;<\/td><td>Grudynia Wielka&nbsp;&nbsp;<\/td><td>ul. Kozielska Parking ko\u0142o Ko\u015bcio\u0142a&nbsp;<\/td><td rowspan=\"4\">05.05.2025 do 09.05.202504.08.2025 do 08.08.202503.11.2025 do 07.11.2025&nbsp;&nbsp;<\/td><\/tr><tr><td>Trawniki&nbsp;&nbsp;<\/td><td>Parking przy Gminnym O\u015brodku Kultury<\/td><\/tr><tr><td>Ostro\u017cnica&nbsp;&nbsp;<\/td><td>ul. Ko\u015bcielna przy przystanku autobusowym&nbsp;<\/td><\/tr><tr><td>Maciowakrze&nbsp;&nbsp;<\/td><td>ul. Sp\u00f3\u0142dzielcza przed OSP&nbsp;<\/td><\/tr><tr><td rowspan=\"3\"><br><br>&nbsp;9&nbsp;<\/td><td rowspan=\"3\">Izbicko&nbsp;&nbsp;<\/td><td>Siedlec&nbsp;&nbsp;<\/td><td>ul. Wiejska 30 parking przy OSP&nbsp;<\/td><td rowspan=\"3\">12.05.2025 do 16.05.202511.08.2025 do 15.08.202510.11.2025 do 14.11.2025&nbsp;<\/td><\/tr><tr><td>Izbicko&nbsp;<\/td><td>ul. Powsta\u0144c\u00f3w \u015al\u0105skich 20 za budynkiem OPS&nbsp;<\/td><\/tr><tr><td>Kro\u015bnica&nbsp;&nbsp;<\/td><td>ul. Wiejska 56 parking przy OSP&nbsp;<\/td><\/tr><tr><td rowspan=\"4\"><br>&nbsp;10&nbsp;<\/td><td rowspan=\"4\">Le\u015bnica&nbsp;<\/td><td>Le\u015bnica&nbsp;&nbsp;<\/td><td>skrzy\u017cowanie ulic Ksi\u0119\u017cowiejskiej i Zdzieszowickiej<\/td><td rowspan=\"4\">12.05.2025 do 16.05.202511.08.2025 do 15.08.202510.11.2025 do 14.11.2025&nbsp;<\/td><\/tr><tr><td>Zalesie \u015al\u0105skie&nbsp;&nbsp;<\/td><td>ul. Ko\u015bcielna obok Ko\u015bcio\u0142a<\/td><\/tr><tr><td>Raszowa&nbsp;&nbsp;<\/td><td>skrzy\u017cowanie ulic G\u00f3ry \u015awi\u0119tej Anny i Ko\u015bcielnej \u2013 obok przystanku<\/td><\/tr><tr><td>Wysoka&nbsp;&nbsp;<\/td><td>ul. Strzelecka przy OSP<\/td><\/tr><tr><td rowspan=\"4\"><br>&nbsp;11&nbsp;<\/td><td rowspan=\"4\">Ujazd&nbsp;&nbsp;<\/td><td>Stary Ujazd&nbsp;&nbsp;<\/td><td>ul. G\u0142owna 32 przy budynku OSP&nbsp;<\/td><td rowspan=\"4\">19.05.2025 do 23.05.202518.08.2025 do 22.08.202517.11.2025 do 21.11.2025&nbsp;<\/td><\/tr><tr><td>Zimna W\u00f3dka&nbsp;&nbsp;<\/td><td>ul. Ujazdowska 6 przy budynku Domu Spotka\u0144&nbsp;<\/td><\/tr><tr><td>Jarysz\u00f3w&nbsp;<\/td><td>ul. 1 Maja 2 przy budynku Hali Sportowej&nbsp;<\/td><\/tr><tr><td>Sieroniowice&nbsp;&nbsp;<\/td><td>ul. Strzelecka 29 przy budynku \u015awietlicy Wiejskiej &nbsp;<\/td><\/tr><tr><td rowspan=\"3\"><br>&nbsp;12&nbsp;<\/td><td rowspan=\"3\">Kolonowskie&nbsp;&nbsp;<\/td><td>Sp\u00f3rok&nbsp;&nbsp;<\/td><td>ul. Guznera 3 przed \u015bwietlic\u0105 wiejsk\u0105&nbsp;<\/td><td rowspan=\"3\">19.05.2025 do 23.05.202518.08.2025 do 22.08.202517.11.2025 do &nbsp;21.11.2025&nbsp;<\/td><\/tr><tr><td>Staniszcze Ma\u0142e&nbsp;&nbsp;<\/td><td>ul. Ks. Gajdy 32a przed \u015bwietlic\u0105 wiejsk\u0105&nbsp;<\/td><\/tr><tr><td>Staniszcze Wielkie&nbsp;<\/td><td>Plac Targowy obok Remizy Stra\u017cackiej&nbsp;<\/td><\/tr><tr><td rowspan=\"3\"><br>&nbsp;13&nbsp;<\/td><td rowspan=\"3\">Dobrodzie\u0144&nbsp;&nbsp;<\/td><td>My\u015blina&nbsp;&nbsp;<\/td><td>ul. Kolejowa 2<\/td><td rowspan=\"3\">19.05.2025 do 23.05.202518.08.2025 do 22.08.202517.11.2025 do 21.11.2025&nbsp;<\/td><\/tr><tr><td>Rz\u0119dowice&nbsp;&nbsp;<\/td><td>ul. Dobrodzie\u0144ska 10<\/td><\/tr><tr><td>Pludry&nbsp;<\/td><td>ul. Szkolna 1A<\/td><\/tr><\/tbody><\/table><\/figure>\n\n\n\n<p><strong><u>* pojemniki b\u0119d\u0105 zabierane w pi\u0105tek, w godzinach pracy;<\/u><\/strong><\/p>\n\n\n\n<p>W powy\u017cszych lokalizacjach we wskazanym w tabeli terminie podstawione zostan\u0105 pojemniki &#8211; na zniszczon\u0105 odzie\u017c oraz oddzielnie na zu\u017cyte tekstylia. Jak prawid\u0142owo rozdzieli\u0107 odpady wyja\u015bnia poni\u017csza grafika:<\/p>\n","protected":false},"excerpt":{"rendered":"<p>W odpowiedzi na potrzeby mieszka\u0144c\u00f3w oraz w celu poprawy jako\u015bci selektywnej zbi\u00f3rki odpad\u00f3w komunalnych, na terenie wybranych miejscowo\u015bci w gminach nale\u017c\u0105cych do Zwi\u0105zku Mi\u0119dzygminnego \u201eCzysty Region\u201d podstawione zostan\u0105 dodatkowe pojemniki na zu\u017cyt\u0105, zniszczon\u0105 odzie\u017c i tekstylia.&nbsp; Celem tej inicjatywy jest umo\u017cliwienie mieszka\u0144com \u0142atwiejszego pozbycia si\u0119 zniszczonych i nienadaj\u0105cych si\u0119 do ponownego u\u017cycia ubra\u0144 i tekstyli\u00f3w. [&hellip;]<\/p>\n","protected":false},"author":1,"featured_media":2860,"comment_status":"open","ping_status":"open","sticky":false,"template":"","format":"standard","meta":{"zakra_sidebar_layout":"customizer","zakra_remove_content_margin":false,"zakra_sidebar":"customizer","zakra_transparent_header":"customizer","zakra_logo":0,"zakra_main_header_style":"default","zakra_menu_item_color":"","zakra_menu_item_hover_color":"","zakra_menu_item_active_color":"","zakra_menu_active_style":"","zakra_page_header":true,"footnotes":""},"categories":[1],"tags":[],"class_list":["post-2858","post","type-post","status-publish","format-standard","has-post-thumbnail","hentry","category-uncategorized"],"_links":{"self":[{"href":"https:\/\/www.czysty-region.pl\/index.php\/wp-json\/wp\/v2\/posts\/2858","targetHints":{"allow":["GET"]}}],"collection":[{"href":"https:\/\/www.czysty-region.pl\/index.php\/wp-json\/wp\/v2\/posts"}],"about":[{"href":"https:\/\/www.czysty-region.pl\/index.php\/wp-json\/wp\/v2\/types\/post"}],"author":[{"embeddable":true,"href":"https:\/\/www.czysty-region.pl\/index.php\/wp-json\/wp\/v2\/users\/1"}],"replies":[{"embeddable":true,"href":"https:\/\/www.czysty-region.pl\/index.php\/wp-json\/wp\/v2\/comments?post=2858"}],"version-history":[{"count":2,"href":"https:\/\/www.czysty-region.pl\/index.php\/wp-json\/wp\/v2\/posts\/2858\/revisions"}],"predecessor-version":[{"id":2916,"href":"https:\/\/www.czysty-region.pl\/index.php\/wp-json\/wp\/v2\/posts\/2858\/revisions\/2916"}],"wp:featuredmedia":[{"embeddable":true,"href":"https:\/\/www.czysty-region.pl\/index.php\/wp-json\/wp\/v2\/media\/2860"}],"wp:attachment":[{"href":"https:\/\/www.czysty-region.pl\/index.php\/wp-json\/wp\/v2\/media?parent=2858"}],"wp:term":[{"taxonomy":"category","embeddable":true,"href":"https:\/\/www.czysty-region.pl\/index.php\/wp-json\/wp\/v2\/categories?post=2858"},{"taxonomy":"post_tag","embeddable":true,"href":"https:\/\/www.czysty-region.pl\/index.php\/wp-json\/wp\/v2\/tags?post=2858"}],"curies":[{"name":"wp","href":"https:\/\/api.w.org\/{rel}","templated":true}]}}